{"id":178,"date":"2020-05-04T21:49:16","date_gmt":"2020-05-04T21:49:16","guid":{"rendered":"https:\/\/www.tanzsportclub-flair.de\/?p=178"},"modified":"2020-08-13T21:21:34","modified_gmt":"2020-08-13T21:21:34","slug":"erfolgreiche-jugend","status":"publish","type":"post","link":"https:\/\/www.tanzsportclub-flair.de\/?p=178","title":{"rendered":"Erfolgreiche Jugend"},"content":{"rendered":"\n<p>In der Jugend belegten die Paare des TSC Flair Herford die ersten vier Pl\u00e4tze: Adriano Tornau\/Sarah Sophie Drechshage belegten auch in der n\u00e4chsten Altersgruppe den ersten Platz. Platz zwei ging hier an Tim Kauling\/Aileen Schulte. Dritte wurden Ina Marie Nijenhuis\/Leni Heitmann. Ivan Bolt\/Muriel Eimertenbrink belegten den vierten Platz. Damit war das Turnier beim TSC Ibbenbu\u0308ren ein voller Erfolg als Vorbereitung auf die bevorstehenden Meisterschaft der Tanzenden Schulen.<\/p>\n\n\n\n<p>Die meisten T\u00e4nzer und T\u00e4nzerinnen sind durch die Tanz-AG des Ravensberger und des K\u00f6nigin-Mathilden-Gymnasiums an den Tanzsport herangefu\u0308hrt worden. Die lange und von zahlreichen Meistertiteln gekr\u00f6nte Kooperation mit dem TSC Herford besteht schon seit 2000. Bis zur Schlie\u00dfung der Turnhallen trainierten die zehn Jugendpaare des TSC Flair Herford in der Sporthalle der Grundschule Radewig. Bis dahin war der gr\u00f6\u00dfte Wunsch, \u201eein Spiegel um Bewegungsabl\u00e4ufe zu sehen, w\u00e4re so toll.\u201c Jetzt wu\u0308nschen sich alle ein schnelles Wiedersehen und die Aufnahme des Trainingsbetriebes. Dieses wird aber noch lange auf sich warten lassen, da die Schulen wegen der Coronaauflagen jeden verfu\u0308gbaren Platz zur Durchfu\u0308hrung ihres Unterrichts brauchen. Jetzt sucht der Verein dringend nach alternativen R\u00e4umlichkeiten. In diesem Jahr wird fu\u0308r die erfolgreichen T\u00e4nzer\/innen alles anders. Angefangen mit dem zweit\u00e4gigen Trainingslager im Rahmen der AG, das aufgrund der Coronapandemie nicht stattfinden durfte, mussten die Sch\u00fcler\/innen auch die Absage der Landesmeisterschaft in Paderborn verschmerzen.<\/p>\n\n\n\n<p><strong>Mit freundlicher Genehmigung von Fenja Lilly Avramopoulos | Foto Brigitte Striehn, ivz.Medien GmbH<\/strong><\/p>\n","protected":false},"excerpt":{"rendered":"<p>In der Jugend belegten die Paare des TSC Flair Herford die ersten vier Pl\u00e4tze: Adriano Tornau\/Sarah Sophie Drechshage belegten auch in der n\u00e4chsten Altersgruppe den&#8230;<\/p>\n<div class=\"more-link-wrapper\"><a class=\"more-link\" href=\"https:\/\/www.tanzsportclub-flair.de\/?p=178\">Weiterlesen<span class=\"screen-reader-text\">Erfolgreiche Jugend<\/span><\/a><\/div>\n","protected":false},"author":2,"featured_media":173,"comment_status":"open","ping_status":"open","sticky":false,"template":"","format":"standard","meta":{"footnotes":""},"categories":[4],"tags":[],"class_list":["post-178","post","type-post","status-publish","format-standard","has-post-thumbnail","hentry","category-turnierbericht","entry"],"_links":{"self":[{"href":"https:\/\/www.tanzsportclub-flair.de\/index.php?rest_route=\/wp\/v2\/posts\/178","targetHints":{"allow":["GET"]}}],"collection":[{"href":"https:\/\/www.tanzsportclub-flair.de\/index.php?rest_route=\/wp\/v2\/posts"}],"about":[{"href":"https:\/\/www.tanzsportclub-flair.de\/index.php?rest_route=\/wp\/v2\/types\/post"}],"author":[{"embeddable":true,"href":"https:\/\/www.tanzsportclub-flair.de\/index.php?rest_route=\/wp\/v2\/users\/2"}],"replies":[{"embeddable":true,"href":"https:\/\/www.tanzsportclub-flair.de\/index.php?rest_route=%2Fwp%2Fv2%2Fcomments&post=178"}],"version-history":[{"count":2,"href":"https:\/\/www.tanzsportclub-flair.de\/index.php?rest_route=\/wp\/v2\/posts\/178\/revisions"}],"predecessor-version":[{"id":180,"href":"https:\/\/www.tanzsportclub-flair.de\/index.php?rest_route=\/wp\/v2\/posts\/178\/revisions\/180"}],"wp:featuredmedia":[{"embeddable":true,"href":"https:\/\/www.tanzsportclub-flair.de\/index.php?rest_route=\/wp\/v2\/media\/173"}],"wp:attachment":[{"href":"https:\/\/www.tanzsportclub-flair.de\/index.php?rest_route=%2Fwp%2Fv2%2Fmedia&parent=178"}],"wp:term":[{"taxonomy":"category","embeddable":true,"href":"https:\/\/www.tanzsportclub-flair.de\/index.php?rest_route=%2Fwp%2Fv2%2Fcategories&post=178"},{"taxonomy":"post_tag","embeddable":true,"href":"https:\/\/www.tanzsportclub-flair.de\/index.php?rest_route=%2Fwp%2Fv2%2Ftags&post=178"}],"curies":[{"name":"wp","href":"https:\/\/api.w.org\/{rel}","templated":true}]}}